{"id":533,"date":"2020-04-17T11:47:19","date_gmt":"2020-04-17T11:47:19","guid":{"rendered":"http:\/\/die-hairzstube.de\/?p=533"},"modified":"2020-04-17T12:30:05","modified_gmt":"2020-04-17T12:30:05","slug":"wir-oeffnen-wieder-2","status":"publish","type":"post","link":"https:\/\/die-hairzstube.de\/?p=533","title":{"rendered":"Wir \u00f6ffnen wieder!"},"content":{"rendered":"\n<p><strong><u>Liebe Kundinnen und Kunden,<\/u><\/strong><\/p>\n\n\n\n<p>Wir haben gute Neuigkeiten:<\/p>\n\n\n\n<p>Die Politik hat entschieden<\/p>\n\n\n\n<p>Am 04.05.2020 d\u00fcrfen wir trotz Corona-Krise unseren Friseursalons wieder \u00f6ffnen. Dies allerdings nur unter Einhaltung von bestimmten Hygienema\u00dfnahmen.<\/p>\n\n\n\n<p>Die Hygienema\u00dfnahmen verlangen unter anderem, dass die Friseure eine pers\u00f6nliche Schutzausr\u00fcstung tragen (unter anderem medizinische Masken) und dass zur Vermeidung von Warteschlangen, der Zutritt zu dem Salon vern\u00fcnftig gesteuert wird.<\/p>\n\n\n\n<p>Aus diesem Grund werden wir unter Anderem vorerst nur auf Termin arbeiten k\u00f6nnen, um ein kontrolliertes und sicheres Arbeiten f\u00fcr uns, aber auch f\u00fcr Sie liebe Kunden gew\u00e4hrleisten zu k\u00f6nnen. Wir w\u00fcrden es begr\u00fc\u00dfen, wenn Sie als Kunde auch einen geeigneten Mundschutz tragen w\u00fcrden. Diesen d\u00fcrfen Sie gerne von zu Hause mitbringen. Sollten Sie keinen geeigneten Mundschutz haben, k\u00f6nnen Sie diesen auch zum Selbstkostenpreis bei uns erwerben. Bitte kommen Sie ohne Begleitung, damit wir die immer noch geltenden Anstandsregeln einhalten k\u00f6nnen.<\/p>\n\n\n\n<p>Wir werden in der Anfangszeit auch montags von 9:00 Uhr bis 18:00 Uhr f\u00fcr Sie da sein.<\/p>\n\n\n\n<p>F\u00fcr Termine k\u00f6nnen Sie sich bei uns \u00fcber Instagram melden (die_hairzstube), oder sich \u00fcber unsere Webseite selbst einen Termin buchen (<a href=\"http:\/\/www.die-hairzstube.de\">www.die-hairzstube.de<\/a>).<\/p>\n\n\n\n<p>Obwohl der Salon zurzeit noch geschlossen ist bieten Ihnen ab sofort die M\u00f6glichkeit, \u00fcber die gewohnte Telefonnummer (02845\/58576) von montags bis samstags zwischen 10:00 und 18:00 Uhr Termine mit uns zu vereinbaren.<\/p>\n\n\n\n<p>Mein Team und ich bedanken uns f\u00fcr ihre Geduld und Ihr Verst\u00e4ndnis und freuen uns Sie bald alle wieder sehen zu k\u00f6nnen.<\/p>\n\n\n\n<p>Ihr Hairzstubenteam !<\/p>\n","protected":false},"excerpt":{"rendered":"<p>Liebe Kundinnen und Kunden, Wir haben gute Neuigkeiten: Die Politik hat entschieden Am 04.05.2020 d\u00fcrfen wir trotz Corona-Krise unseren Friseursalons wieder \u00f6ffnen. Dies allerdings nur unter Einhaltung von bestimmten Hygienema\u00dfnahmen. Die Hygienema\u00dfnahmen verlangen unter anderem, dass die Friseure eine pers\u00f6nliche Schutzausr\u00fcstung tragen (unter anderem medizinische Masken) und dass zur Vermeidung von Warteschlangen, der Zutritt zu&#8230; <\/p>\n","protected":false},"author":1,"featured_media":0,"comment_status":"closed","ping_status":"open","sticky":false,"template":"","format":"standard","meta":{"footnotes":""},"categories":[1],"tags":[],"class_list":["post-533","post","type-post","status-publish","format-standard","hentry","category-uncategorized"],"_links":{"self":[{"href":"https:\/\/die-hairzstube.de\/index.php?rest_route=\/wp\/v2\/posts\/533","targetHints":{"allow":["GET"]}}],"collection":[{"href":"https:\/\/die-hairzstube.de\/index.php?rest_route=\/wp\/v2\/posts"}],"about":[{"href":"https:\/\/die-hairzstube.de\/index.php?rest_route=\/wp\/v2\/types\/post"}],"author":[{"embeddable":true,"href":"https:\/\/die-hairzstube.de\/index.php?rest_route=\/wp\/v2\/users\/1"}],"replies":[{"embeddable":true,"href":"https:\/\/die-hairzstube.de\/index.php?rest_route=%2Fwp%2Fv2%2Fcomments&post=533"}],"version-history":[{"count":2,"href":"https:\/\/die-hairzstube.de\/index.php?rest_route=\/wp\/v2\/posts\/533\/revisions"}],"predecessor-version":[{"id":535,"href":"https:\/\/die-hairzstube.de\/index.php?rest_route=\/wp\/v2\/posts\/533\/revisions\/535"}],"wp:attachment":[{"href":"https:\/\/die-hairzstube.de\/index.php?rest_route=%2Fwp%2Fv2%2Fmedia&parent=533"}],"wp:term":[{"taxonomy":"category","embeddable":true,"href":"https:\/\/die-hairzstube.de\/index.php?rest_route=%2Fwp%2Fv2%2Fcategories&post=533"},{"taxonomy":"post_tag","embeddable":true,"href":"https:\/\/die-hairzstube.de\/index.php?rest_route=%2Fwp%2Fv2%2Ftags&post=533"}],"curies":[{"name":"wp","href":"https:\/\/api.w.org\/{rel}","templated":true}]}}