{"id":547,"date":"2020-05-11T14:00:26","date_gmt":"2020-05-11T14:00:26","guid":{"rendered":"http:\/\/die-hairzstube.de\/?p=547"},"modified":"2020-05-12T06:00:14","modified_gmt":"2020-05-12T06:00:14","slug":"neue-oeffnungszeiten","status":"publish","type":"post","link":"https:\/\/die-hairzstube.de\/?p=547","title":{"rendered":"Neue \u00d6ffnungszeiten!"},"content":{"rendered":"\n<p><strong>Liebe Kundinnen und Kunden:<\/strong><\/p>\n\n\n\n<p><strong><u>In Zukunft sind wir l\u00e4nger f\u00fcr Sie da!<\/u><\/strong><\/p>\n\n\n\n<p><strong>Ab dem <\/strong><u><strong>25.05.2020<\/strong><\/u><strong> haben wir ge\u00e4nderte \u00d6ffnungszeiten!!!!<\/strong><\/p>\n\n\n\n<p><strong>Montag: &nbsp;&nbsp;&nbsp;&nbsp;                        9:00 Uhr &#8211; 18:00 Uhr<\/strong><\/p>\n\n\n\n<p><strong>Dienstag  bis Freitag:    9:00 Uhr &#8211; 20:00 Uhr<\/strong><\/p>\n\n\n\n<p><strong>Samstag: &nbsp;&nbsp;&nbsp;&nbsp;&nbsp;&nbsp;                      9:00 Uhr &#8211; 14:00 Uhr<\/strong><\/p>\n\n\n\n<p><strong>Wir freuen uns darauf, Ihnen dann t\u00e4glich mehr Termine anbieten zu k\u00f6nnen, um die doch teilweise langen Vorlaufzeiten zu verringern.<\/strong><\/p>\n\n\n\n<p><strong>Ihr Hairzteam !<\/strong><\/p>\n","protected":false},"excerpt":{"rendered":"<p>Liebe Kundinnen und Kunden: In Zukunft sind wir l\u00e4nger f\u00fcr Sie da! Ab dem 25.05.2020 haben wir ge\u00e4nderte \u00d6ffnungszeiten!!!! Montag: &nbsp;&nbsp;&nbsp;&nbsp; 9:00 Uhr &#8211; 18:00 Uhr Dienstag bis Freitag: 9:00 Uhr &#8211; 20:00 Uhr Samstag: &nbsp;&nbsp;&nbsp;&nbsp;&nbsp;&nbsp; 9:00 Uhr &#8211; 14:00 Uhr Wir freuen uns darauf, Ihnen dann t\u00e4glich mehr Termine anbieten zu k\u00f6nnen, um die&#8230; <\/p>\n","protected":false},"author":1,"featured_media":0,"comment_status":"closed","ping_status":"open","sticky":false,"template":"","format":"standard","meta":{"footnotes":""},"categories":[1],"tags":[],"class_list":["post-547","post","type-post","status-publish","format-standard","hentry","category-uncategorized"],"_links":{"self":[{"href":"https:\/\/die-hairzstube.de\/index.php?rest_route=\/wp\/v2\/posts\/547","targetHints":{"allow":["GET"]}}],"collection":[{"href":"https:\/\/die-hairzstube.de\/index.php?rest_route=\/wp\/v2\/posts"}],"about":[{"href":"https:\/\/die-hairzstube.de\/index.php?rest_route=\/wp\/v2\/types\/post"}],"author":[{"embeddable":true,"href":"https:\/\/die-hairzstube.de\/index.php?rest_route=\/wp\/v2\/users\/1"}],"replies":[{"embeddable":true,"href":"https:\/\/die-hairzstube.de\/index.php?rest_route=%2Fwp%2Fv2%2Fcomments&post=547"}],"version-history":[{"count":5,"href":"https:\/\/die-hairzstube.de\/index.php?rest_route=\/wp\/v2\/posts\/547\/revisions"}],"predecessor-version":[{"id":552,"href":"https:\/\/die-hairzstube.de\/index.php?rest_route=\/wp\/v2\/posts\/547\/revisions\/552"}],"wp:attachment":[{"href":"https:\/\/die-hairzstube.de\/index.php?rest_route=%2Fwp%2Fv2%2Fmedia&parent=547"}],"wp:term":[{"taxonomy":"category","embeddable":true,"href":"https:\/\/die-hairzstube.de\/index.php?rest_route=%2Fwp%2Fv2%2Fcategories&post=547"},{"taxonomy":"post_tag","embeddable":true,"href":"https:\/\/die-hairzstube.de\/index.php?rest_route=%2Fwp%2Fv2%2Ftags&post=547"}],"curies":[{"name":"wp","href":"https:\/\/api.w.org\/{rel}","templated":true}]}}