{"id":557,"date":"2020-06-30T15:39:16","date_gmt":"2020-06-30T15:39:16","guid":{"rendered":"http:\/\/die-hairzstube.de\/?p=557"},"modified":"2020-06-30T15:39:16","modified_gmt":"2020-06-30T15:39:16","slug":"neue-oeffnungszeiten-2","status":"publish","type":"post","link":"https:\/\/die-hairzstube.de\/?p=557","title":{"rendered":"Neue \u00d6ffnungszeiten"},"content":{"rendered":"\n<p><strong><u>Neue, feste \u00d6ffnungszeiten ab August<\/u><\/strong><\/p>\n\n\n\n<p>Liebe Kundinnen und Kunden,<\/p>\n\n\n\n<p>vorab m\u00f6chten mein Team und auch ich \u201eDanke\u201c sagen. Danke f\u00fcr Ihre Treue und f\u00fcr Ihr Verst\u00e4ndnis in dieser ganz besonderen und schwierigen Zeit. Es war und ist eine gro\u00dfe Herausforderung f\u00fcr Sie, genauso wie auch f\u00fcr uns.<\/p>\n\n\n\n<p>Wir mussten uns alle auf diese neue Situation mit den Corona Hygieneauflagen einstellen und freuen uns, dass es bisher so gut funktioniert hat.<\/p>\n\n\n\n<p>Nun haben wir Dank Ihrer Hilfe ein neues Konzept entwickelt und bieten Ihnen ab dem <strong>1. August 2020<\/strong><\/p>\n\n\n\n<p>folgende \u00d6ffnungszeiten an.<\/p>\n\n\n\n<p><strong><u>Kosmetikbehandlungen<\/u><\/strong><\/p>\n\n\n\n<p><strong>Mo: zwischen 10:00 Uhr und 18:00 Uhr<\/strong><\/p>\n\n\n\n<p>nur nach vorheriger Terminabsprache!<\/p>\n\n\n\n<p><strong><u>Friseursalon<\/u><\/strong><\/p>\n\n\n\n<p><strong>Di, Mi &amp; Fr.: 9:00 Uhr &#8211; 18:00 Uhr<\/strong><\/p>\n\n\n\n<p><strong>Do: 9:00 Uhr &#8211; 20:00 Uhr<\/strong><\/p>\n\n\n\n<p><strong>Sa: 9:00 Uhr &#8211; 14:00 Uhr<\/strong><\/p>\n\n\n\n<p><strong>Ihre Melina Scholz\u00a0\u00a0\u00a0<\/strong><\/p>\n","protected":false},"excerpt":{"rendered":"<p>Neue, feste \u00d6ffnungszeiten ab August Liebe Kundinnen und Kunden, vorab m\u00f6chten mein Team und auch ich \u201eDanke\u201c sagen. Danke f\u00fcr Ihre Treue und f\u00fcr Ihr Verst\u00e4ndnis in dieser ganz besonderen und schwierigen Zeit. Es war und ist eine gro\u00dfe Herausforderung f\u00fcr Sie, genauso wie auch f\u00fcr uns. Wir mussten uns alle auf diese neue Situation&#8230; <\/p>\n","protected":false},"author":1,"featured_media":0,"comment_status":"closed","ping_status":"open","sticky":false,"template":"","format":"standard","meta":{"footnotes":""},"categories":[1],"tags":[],"class_list":["post-557","post","type-post","status-publish","format-standard","hentry","category-uncategorized"],"_links":{"self":[{"href":"https:\/\/die-hairzstube.de\/index.php?rest_route=\/wp\/v2\/posts\/557","targetHints":{"allow":["GET"]}}],"collection":[{"href":"https:\/\/die-hairzstube.de\/index.php?rest_route=\/wp\/v2\/posts"}],"about":[{"href":"https:\/\/die-hairzstube.de\/index.php?rest_route=\/wp\/v2\/types\/post"}],"author":[{"embeddable":true,"href":"https:\/\/die-hairzstube.de\/index.php?rest_route=\/wp\/v2\/users\/1"}],"replies":[{"embeddable":true,"href":"https:\/\/die-hairzstube.de\/index.php?rest_route=%2Fwp%2Fv2%2Fcomments&post=557"}],"version-history":[{"count":1,"href":"https:\/\/die-hairzstube.de\/index.php?rest_route=\/wp\/v2\/posts\/557\/revisions"}],"predecessor-version":[{"id":558,"href":"https:\/\/die-hairzstube.de\/index.php?rest_route=\/wp\/v2\/posts\/557\/revisions\/558"}],"wp:attachment":[{"href":"https:\/\/die-hairzstube.de\/index.php?rest_route=%2Fwp%2Fv2%2Fmedia&parent=557"}],"wp:term":[{"taxonomy":"category","embeddable":true,"href":"https:\/\/die-hairzstube.de\/index.php?rest_route=%2Fwp%2Fv2%2Fcategories&post=557"},{"taxonomy":"post_tag","embeddable":true,"href":"https:\/\/die-hairzstube.de\/index.php?rest_route=%2Fwp%2Fv2%2Ftags&post=557"}],"curies":[{"name":"wp","href":"https:\/\/api.w.org\/{rel}","templated":true}]}}